[{"@context":"https:\/\/schema.org\/","@type":"Article","@id":"https:\/\/www.clanroy.cz\/co-je-deja-vu\/#Article","mainEntityOfPage":"https:\/\/www.clanroy.cz\/co-je-deja-vu\/","headline":"Co je deja vu?","name":"Co je deja vu?","description":"Ur\u010dit\u011b to zn\u00e1te: v\u011bnujete se n\u011bjak\u00e9 \u010dinnosti a najednou se dostav\u00ed ten neodbytn\u00fd pocit, kter\u00fd nut\u00ed v\u0161e uvnit\u0159 na\u0161eho t\u011bla \u0159v\u00e1t: \u201eV\u017edy\u0165 tohle u\u017e jsem <a class=\"mh-excerpt-more\" href=\"https:\/\/www.clanroy.cz\/co-je-deja-vu\/\" title=\"Co je deja vu?\">[...]<\/a>","datePublished":"2019-09-26","dateModified":"2023-05-15","author":{"@type":"Person","@id":"https:\/\/www.clanroy.cz\/author\/#Person","name":"","url":"https:\/\/www.clanroy.cz\/author\/","identifier":1,"image":{"@type":"ImageObject","@id":"https:\/\/secure.gravatar.com\/avatar\/9994033610bfa8d5c75e7c2dd1b5bdd54900f4ed2e7e5c6722d4887246e31af4?s=96&d=mm&r=g","url":"https:\/\/secure.gravatar.com\/avatar\/9994033610bfa8d5c75e7c2dd1b5bdd54900f4ed2e7e5c6722d4887246e31af4?s=96&d=mm&r=g","height":96,"width":96}},"publisher":{"@type":"Organization","name":"clanroy.cz","logo":{"@type":"ImageObject","@id":"\/logo.png","url":"\/logo.png","width":600,"height":60}},"image":{"@type":"ImageObject","@id":"https:\/\/www.clanroy.cz\/wp-content\/uploads\/img_a354240_w3733_t1568811401.png","url":"https:\/\/www.clanroy.cz\/wp-content\/uploads\/img_a354240_w3733_t1568811401.png","height":0,"width":0},"url":"https:\/\/www.clanroy.cz\/co-je-deja-vu\/","about":["V\u011bda"],"wordCount":453,"articleBody":"Ur\u010dit\u011b to zn\u00e1te: v\u011bnujete se n\u011bjak\u00e9 \u010dinnosti a najednou se dostav\u00ed ten neodbytn\u00fd pocit, kter\u00fd nut\u00ed v\u0161e uvnit\u0159 na\u0161eho t\u011bla \u0159v\u00e1t: \u201eV\u017edy\u0165 tohle u\u017e jsem p\u0159ece za\u017eila!\u201c, pov\u00edd\u00e1te si se sv\u00fdmi p\u0159\u00e1teli a v\u00edte, \u017ee tento rozhovor rozhodn\u011b nevedete poprv\u00e9 anebo cestujete na m\u00edsto, kter\u00e9 jste v minulosti je\u0161t\u011b nenav\u0161t\u00edvili a v\u0161echno va\u0161emu mozku na\u0161ept\u00e1v\u00e1: \u201eTady u\u017e jsem p\u0159ece byla\u201d. A najednou p\u0159esn\u011b v\u00edte, co bude v n\u00e1sleduj\u00edc\u00ed chv\u00edli n\u00e1sledovat. Probl\u00e9m je v tom, \u017ee tuto skute\u010dnost nem\u016f\u017eete nijak fyzicky dok\u00e1zat a kdy\u017e tento pocit n\u011bkomu vysv\u011btlujete, m\u00e1te pocit, \u017ee jste se u\u017e asi opravdu pom\u00e1tli a doty\u010dn\u00e1 osoba si mus\u00ed myslet, \u017ee jste bl\u00e1zen. Jak ale tento jev vznik\u00e1?&#13; &#13; V\u00fdraz deja vu je p\u016fvodem z francouz\u0161tiny a v p\u0159ekladu to znamen\u00e1 \u201eji\u017e vid\u011bno\u201c. Podle statistik tento pocit za\u017eilo alespo\u0148 jednou v \u017eivot\u011b 80-90% populace a nejsiln\u011bj\u0161\u00ed je mezi 15-35 rokem \u017eivota. V\u011bdci se t\u00edmto t\u00e9matem neust\u00e1le zaob\u00edraj\u00ed a existuje hned n\u011bkolik teori\u00ed toho, pro\u010d tento pocit vznik\u00e1. Jedna z teori\u00ed tvrd\u00ed, \u017ee za vznik tohoto pocitu m\u016f\u017ee slad\u011bn\u00ed obou mozkov\u00fdch hemisf\u00e9r. Ka\u017ed\u00e1 z obou hemisf\u00e9r si toti\u017e zaznamen\u00e1v\u00e1 informace sama. Hemisf\u00e9ry ale mezi sebou neust\u00e1le komunikuj\u00ed. Kdy\u017e dojde k mal\u00e9mu zpo\u017ed\u011bn\u00ed b\u011bhem tohoto p\u0159enosu, informace pr\u00fd doraz\u00ed do dominantn\u00ed hemisf\u00e9ry dvakr\u00e1t, a my tam m\u00e1me pocit toho, \u017ee u\u017e jsme tuto informaci jednou obdr\u017eeli.&#13; &#13; Dal\u0161\u00ed pak naopak \u0159\u00edk\u00e1, \u017ee vina je na \u00fanav\u011b, na\u0161\u00ed fantazii a na tom, \u017ee si sami vnut\u00edme, \u017ee u\u017e jsme tuto situaci museli ur\u010dit\u011b pro\u017e\u00edt. V\u00fdskyt deja vu je \u00fadajn\u011b tak\u00e9 vy\u0161\u0161\u00ed u inteligentn\u011bj\u0161\u00edch osob, u kter\u00fdch je dr\u00e1\u017ed\u011bna jin\u00e1 \u010d\u00e1st mozku, je\u017e m\u016f\u017ee tento jev zp\u016fsobovat.&#13; Se spoustou n\u00e1pad\u016f k vysv\u011btlen\u00ed p\u0159i\u0161li ale i ezoterici a n\u011bkte\u0159\u00ed psychologov\u00e9. Ti se domn\u00edvaj\u00ed, \u017ee m\u016f\u017ee j\u00edt o projev vzpom\u00ednek z minul\u00fdch \u017eivot\u016f nebo vzpom\u00ednky du\u0161e, kter\u00e1 b\u011bhem sp\u00e1nku opou\u0161t\u00ed na\u0161e t\u011blo a cestuje. Dal\u0161\u00edm mo\u017en\u00fdm vysv\u011btlen\u00edm je, \u017ee se jedn\u00e1 o projev na\u0161\u00ed intuice a jasnovidectv\u00ed. Zkr\u00e1tka n\u011bco jako varov\u00e1n\u00ed p\u0159ed t\u00edm, co se m\u00e1 st\u00e1t, a \u010demu se tak m\u016f\u017eeme vyhnout. Ke kter\u00e9 z t\u011bchto teori\u00ed se p\u0159ikl\u00e1n\u00edte vy?&#13;                                                                                                                                                                                                                                                                                                                                                                                         4.4\/5 - (7 votes)        "},{"@context":"https:\/\/schema.org\/","@type":"BreadcrumbList","itemListElement":[{"@type":"ListItem","position":1,"name":"Co je deja vu?","item":"https:\/\/www.clanroy.cz\/co-je-deja-vu\/#breadcrumbitem"}]}]